{"id":7897,"date":"2019-07-08T07:30:08","date_gmt":"2019-07-08T07:30:08","guid":{"rendered":"http:\/\/grafologia.cat\/mi-nueva-web\/"},"modified":"2022-12-30T20:09:47","modified_gmt":"2022-12-30T20:09:47","slug":"mi-nueva-web","status":"publish","type":"post","link":"https:\/\/grafologia.cat\/ca\/mi-nueva-web\/","title":{"rendered":"La meva nova web!"},"content":{"rendered":"<p><img decoding=\"async\" class=\"aligncenter wp-image-6889\" src=\"http:\/\/grafologia.cat\/wp-content\/uploads\/2019\/07\/Logo-gran_eva-mi\u00f1ana_Animat_2.gif\" alt=\"Logo animat\" width=\"200\" height=\"170\" \/><\/p>\n<p>&nbsp;<\/p>\n<p>Doncs ja est\u00e0, ja la tenim. Estic molt orgullosa d\u2019haver-vos pogut <strong>presentar<\/strong> la meva <strong>nova web<\/strong>, confio que en llegir aquest post li dediqueu una estoneta a mirar-vos-la.<\/p>\n<p>Us he de dir la veritat, m\u2019encanta!. La trobo molt jo, molt Eva. Crec que transmet el <strong>dinamisme<\/strong> amb el que jo visc la grafologia, <strong>l\u2019esperit pr\u00e0ctic<\/strong> amb el que des del comen\u00e7ament vaig voler utilitzar els meus coneixements en aquesta mat\u00e8ria.<\/p>\n<p>M\u2019agrada com estan reflectides les meves idees sobre <strong>emocions<\/strong> vinculades a la grafologia, m\u2019agrada perqu\u00e8 crec que \u00e9s clara i perqu\u00e8 reflecteix tota la <strong>il\u00b7lusi\u00f3 i entusiasme<\/strong> amb qu\u00e8 s\u2019ha fet.<\/p>\n<p>&nbsp;<\/p>\n<p><img decoding=\"async\" class=\"aligncenter size-medium wp-image-6897\" src=\"http:\/\/grafologia.cat\/wp-content\/uploads\/2019\/07\/escanear0001-300x82.jpg\" alt=\"M'identifico\" width=\"300\" height=\"82\" srcset=\"https:\/\/grafologia.cat\/wp-content\/uploads\/2019\/07\/escanear0001-300x82.jpg 300w, https:\/\/grafologia.cat\/wp-content\/uploads\/2019\/07\/escanear0001-768x210.jpg 768w, https:\/\/grafologia.cat\/wp-content\/uploads\/2019\/07\/escanear0001-1024x280.jpg 1024w, https:\/\/grafologia.cat\/wp-content\/uploads\/2019\/07\/escanear0001.jpg 1641w\" sizes=\"(max-width: 300px) 100vw, 300px\" \/><\/p>\n<h3>INFORMACI\u00d3 SOBRE LA WEB<\/h3>\n<p>La web ha estat t\u00e8cnicament orquestrada pel <strong>Josep M. Past\u00f3<\/strong>, que a banda de ser el meu marit i un escultor incre\u00efble (os recomano que visiteu la seva web <a href=\"https:\/\/www.jmpasto.cat\">www.jmpasto.cat<\/a>), \u00e9s la persona amb m\u00e9s paci\u00e8ncia i ganes de fer b\u00e9 les coses que conec.<\/p>\n<p>&nbsp;<\/p>\n<p><img fetchpriority=\"high\" decoding=\"async\" class=\"aligncenter wp-image-7899 size-large\" src=\"http:\/\/grafologia.cat\/wp-content\/uploads\/2019\/07\/web_jmpasto-1024x326.jpg\" alt=\"\" width=\"1024\" height=\"326\" srcset=\"https:\/\/grafologia.cat\/wp-content\/uploads\/2019\/07\/web_jmpasto-1024x326.jpg 1024w, https:\/\/grafologia.cat\/wp-content\/uploads\/2019\/07\/web_jmpasto-300x95.jpg 300w, https:\/\/grafologia.cat\/wp-content\/uploads\/2019\/07\/web_jmpasto-768x244.jpg 768w, https:\/\/grafologia.cat\/wp-content\/uploads\/2019\/07\/web_jmpasto-1536x489.jpg 1536w, https:\/\/grafologia.cat\/wp-content\/uploads\/2019\/07\/web_jmpasto.jpg 1650w\" sizes=\"(max-width: 1024px) 100vw, 1024px\" \/><\/p>\n<p>&nbsp;<\/p>\n<p>Si no \u00e9s per ell, ja os ben asseguro que aquesta web no seria aix\u00ed ni de bon tros!.<\/p>\n<p>La idea \u00e9s que pugueu tenir una <strong>informaci\u00f3<\/strong> general b\u00e0sica del que \u00e9s la <strong>grafologia<\/strong> i tamb\u00e9 que sapigueu les seves principals <strong>aplicacions<\/strong>. Tamb\u00e9 podeu con\u00e8ixer una mica millor la meva feina i quins <strong>serveis<\/strong> os puc oferir com a graf\u00f2loga.<\/p>\n<p>M\u2019ha semblat adient que des de la web pugueu contactar amb les diferents <strong>xarxes socials<\/strong> en les que tinc pres\u00e8ncia, per si os pica la curiositat que espero que s\u00ed!.<\/p>\n<p>I per descomptat seguir amb aquest blog, perqu\u00e8 em fa molta il\u00b7lusi\u00f3 poder compartir amb vosaltres les meves inquietuds, sobre la grafologia especialment per\u00f2 tamb\u00e9 una miqueta de tot, per qu\u00e8 no?.<\/p>\n<p>&nbsp;<\/p>\n<h3>UNA CURIOSITAT<\/h3>\n<p>Sabeu quina imatge m\u2019ha estat m\u00e9s complicada de trobar?. La que parla d\u2019<strong>alegria<\/strong>. Buscava una foto que fos d\u2019espai natural per\u00f2 no m\u2019agradava res. Finalment vaig decidir que les manetes d\u2019una nena <strong>jugant<\/strong> eren el millor reflex d\u2019aquest sentiment per a mi. Espero que os agradi!.<\/p>\n<p>&nbsp;<\/p>\n<p><img loading=\"lazy\" decoding=\"async\" class=\"aligncenter size-large wp-image-6534\" src=\"http:\/\/grafologia.cat\/wp-content\/uploads\/2019\/05\/alegr\u00eda-mans_1-1024x256.jpg\" alt=\"\" width=\"1024\" height=\"256\" srcset=\"https:\/\/grafologia.cat\/wp-content\/uploads\/2019\/05\/alegr\u00eda-mans_1-1024x256.jpg 1024w, https:\/\/grafologia.cat\/wp-content\/uploads\/2019\/05\/alegr\u00eda-mans_1-300x75.jpg 300w, https:\/\/grafologia.cat\/wp-content\/uploads\/2019\/05\/alegr\u00eda-mans_1-768x192.jpg 768w, https:\/\/grafologia.cat\/wp-content\/uploads\/2019\/05\/alegr\u00eda-mans_1.jpg 1600w\" sizes=\"(max-width: 1024px) 100vw, 1024px\" \/><\/p>\n<p>&nbsp;<\/p>\n<h3>AGRAIMENTS<\/h3>\n<p>A tots els que heu format part del proc\u00e9s de creaci\u00f3, <strong>gr\u00e0cies!. <\/strong>Em sento agra\u00efda i afortunada.<\/p>\n<p>Als que heu revisat la web amb inter\u00e8s: gr\u00e0cies pel vostre <strong>suport <\/strong>i pels vostres comentaris constructius. Prenc nota de totes les vostres idees i en una propera revisi\u00f3 tindr\u00e9 en compte totes les vostres aportacions.<\/p>\n<p>I a tots els que espero que aneu passejant per aquesta web (hauria de dir navegant?), gr\u00e0cies per interessar-vos per la <strong>grafologia<\/strong> i per la meva feina, seguirem en contacte!<\/p>\n<p>&nbsp;<\/p>\n<p>&nbsp;<\/p>\n","protected":false},"excerpt":{"rendered":"<p>&nbsp; Doncs ja est\u00e0, ja la tenim. Estic molt orgullosa d\u2019haver-vos pogut presentar la meva nova web, confio que en llegir aquest post li dediqueu una estoneta a mirar-vos-la. Us he de dir la veritat, m\u2019encanta!. La trobo molt jo, molt Eva. Crec que transmet el dinamisme amb el que jo visc la grafologia, l\u2019esperit [&hellip;]<\/p>\n","protected":false},"author":2,"featured_media":0,"comment_status":"open","ping_status":"open","sticky":false,"template":"","format":"standard","meta":{"footnotes":""},"categories":[56,80,88],"tags":[],"class_list":["post-7897","post","type-post","status-publish","format-standard","hentry","category-grafologia-ca","category-illusio","category-web-ca"],"aioseo_notices":[],"_links":{"self":[{"href":"https:\/\/grafologia.cat\/ca\/wp-json\/wp\/v2\/posts\/7897","targetHints":{"allow":["GET"]}}],"collection":[{"href":"https:\/\/grafologia.cat\/ca\/wp-json\/wp\/v2\/posts"}],"about":[{"href":"https:\/\/grafologia.cat\/ca\/wp-json\/wp\/v2\/types\/post"}],"author":[{"embeddable":true,"href":"https:\/\/grafologia.cat\/ca\/wp-json\/wp\/v2\/users\/2"}],"replies":[{"embeddable":true,"href":"https:\/\/grafologia.cat\/ca\/wp-json\/wp\/v2\/comments?post=7897"}],"version-history":[{"count":2,"href":"https:\/\/grafologia.cat\/ca\/wp-json\/wp\/v2\/posts\/7897\/revisions"}],"predecessor-version":[{"id":7901,"href":"https:\/\/grafologia.cat\/ca\/wp-json\/wp\/v2\/posts\/7897\/revisions\/7901"}],"wp:attachment":[{"href":"https:\/\/grafologia.cat\/ca\/wp-json\/wp\/v2\/media?parent=7897"}],"wp:term":[{"taxonomy":"category","embeddable":true,"href":"https:\/\/grafologia.cat\/ca\/wp-json\/wp\/v2\/categories?post=7897"},{"taxonomy":"post_tag","embeddable":true,"href":"https:\/\/grafologia.cat\/ca\/wp-json\/wp\/v2\/tags?post=7897"}],"curies":[{"name":"wp","href":"https:\/\/api.w.org\/{rel}","templated":true}]}}