{"id":7906,"date":"2019-05-05T06:09:00","date_gmt":"2019-05-05T06:09:00","guid":{"rendered":"http:\/\/grafologia.cat\/leonardo-da-vinci\/"},"modified":"2022-12-30T20:15:31","modified_gmt":"2022-12-30T20:15:31","slug":"leonardo-da-vinci","status":"publish","type":"post","link":"https:\/\/grafologia.cat\/ca\/leonardo-da-vinci\/","title":{"rendered":"Leonardo da Vinci"},"content":{"rendered":"<p><strong><a href=\"http:\/\/grafologia.cat\/wp-content\/uploads\/2019\/05\/autorretrato-1.jpg\"><img fetchpriority=\"high\" decoding=\"async\" class=\"aligncenter wp-image-6556\" src=\"http:\/\/grafologia.cat\/wp-content\/uploads\/2019\/05\/autorretrato-1.jpg\" alt=\"\" width=\"600\" height=\"338\" \/><\/a><\/strong><\/p>\n<p>&nbsp;<\/p>\n<p><strong>Leonardo da Vinci<\/strong>. Un geni, poca gent gosa a posar-ho en dubte.<\/p>\n<p>Avui dia 2 de maig es commemora el 500 aniversari de la seva mort, quan tenia 67 anys. Va ser tant treballador i tenia ganes de deixar const\u00e0ncia dels seus pensaments, idees i assaigs que, afortunadament, disposem d\u2019una gran quantitat de <strong>manuscrits<\/strong> seus per a poder ser estudiats.<\/p>\n<p>&nbsp;<\/p>\n<h3>L\u2019ESCRIPTURA DE LEONARDO<\/h3>\n<p>&nbsp;<\/p>\n<p>El <em>maestro<\/em> va tenir a b\u00e9 donar-nos molta feina als professionals que ens dediquem a la <strong>grafologia<\/strong>. Potser ja ho sabreu, per\u00f2 la persona inquieta que va ser <strong>Leonardo<\/strong> es dedicava a escriure amb el que s\u2019anomena <strong>escriptura en mirall<\/strong>, \u00e9s a dir, que nom\u00e9s podia ser llegida mitjan\u00e7ant un mirall.<\/p>\n<p>Potser el fet de que de que fos <strong>ambidextre<\/strong> hi tingu\u00e9s a veure, malgrat que personalment s\u00f3c de l\u2019opini\u00f3 que el que buscava era per sobre de tot l\u2019originalitat i posar-li dif\u00edcil als que el volien copiar.<\/p>\n<p>Penseu que en aquella \u00e8poca, en els ambients en els que es movia <strong>Da Vinci<\/strong> tothom intrigava, i a m\u00e9s a m\u00e9s no existien encara els drets d\u2019autor. Alguna cosa havia de fer l\u2019home per protegir-se!<\/p>\n<p>&nbsp;<\/p>\n<h3><a href=\"http:\/\/grafologia.cat\/wp-content\/uploads\/2019\/05\/escritura-1.jpg\"><img decoding=\"async\" class=\"aligncenter wp-image-6557 size-full\" src=\"http:\/\/grafologia.cat\/wp-content\/uploads\/2019\/05\/escritura-1.jpg\" alt=\"\" width=\"600\" height=\"851\" \/><\/a><\/h3>\n<p>&nbsp;<\/p>\n<h3><\/h3>\n<h3>ELS AMBIDEXTRES<\/h3>\n<p>&nbsp;<\/p>\n<p>Ja que hi som, aprofito i tot agraint a aquest geni l\u2019oportunitat, os explico alguna coseta sobre els <strong>ambidextres<\/strong>. Es tracta de persones que escriuen indistintament amb la m\u00e0 dreta i l\u2019esquerra. No s\u00e9 si en coneixereu cap, jo en persona ni un.<\/p>\n<p>I penseu que acostumo a estar molt atenta a tot el que fa refer\u00e8ncia a la grafologia, pregunto i estic tant al cas com puc!. Per\u00f2 no en conec cap en persona, nom\u00e9s exemples als que fan refer\u00e8ncia els llibres de consulta.<\/p>\n<p>Aix\u00f2 serveix per donar-vos la primera informaci\u00f3, i \u00e9s el <strong>\u00ednfim percentatge<\/strong> d\u2019escriptors ambidextres que existeix. La majoria dels que ho s\u00f3n, gaireb\u00e9 que ho han acabant sent per obligaci\u00f3. Donat que no gaire temps enrere ser esquerr\u00e0 era una cosa mal vista, es for\u00e7ava als que ho eren a escriure amb la ma dreta, quan ni era la serva opci\u00f3 ni els hi resultava f\u00e0cil.<\/p>\n<p>Amb el temps, i donat que l\u2019escriptura \u00e9s una t\u00e8cnica que es millora amb la <strong>repetici\u00f3<\/strong>, els nou-dretans aconseguien normalitzar l\u2019acte d\u2019escriure, per\u00f2 alguns han pogut mantenir l\u2019habilitat de fer-ho tamb\u00e9 amb la m\u00e0 que els hi resulta m\u00e9s natural, l\u2019esquerra.<\/p>\n<p>&nbsp;<\/p>\n<p><a href=\"http:\/\/grafologia.cat\/wp-content\/uploads\/2019\/05\/home-de-vitruvio-1.jpg\"><img decoding=\"async\" class=\"aligncenter wp-image-6558\" src=\"http:\/\/grafologia.cat\/wp-content\/uploads\/2019\/05\/home-de-vitruvio-1-221x300.jpg\" alt=\"\" width=\"600\" height=\"816\" \/><\/a><\/p>\n<p>&nbsp;<\/p>\n<h3>PERCENTATGES<\/h3>\n<p>&nbsp;<\/p>\n<p>La situaci\u00f3 dels ambidextres queda totalment fora d\u2019estudi avui en dia, m\u00e9s enll\u00e0 de la curiositat. I aix\u00f2 \u00e9s aix\u00ed perqu\u00e8 s\u00f3n una ample minoria, si s\u2019ent\u00e9n el que vull dir. El percentatge de <strong>dretans<\/strong> es mou sobre el <strong>85%<\/strong>, i el d\u2019<strong>esquerrans<\/strong> sobre el <strong>15% <\/strong>de manera oficial. Per tant,<\/p>\n<p>&nbsp;<\/p>\n<h3><a href=\"http:\/\/grafologia.cat\/wp-content\/uploads\/2019\/05\/poc-marge-catal\u00e00001-1-1024x203.jpg\"><img loading=\"lazy\" decoding=\"async\" class=\"aligncenter wp-image-6560\" src=\"http:\/\/grafologia.cat\/wp-content\/uploads\/2019\/05\/poc-marge-catal\u00e00001-1-1024x203.jpg\" alt=\"\" width=\"800\" height=\"159\" srcset=\"https:\/\/grafologia.cat\/wp-content\/uploads\/2019\/05\/poc-marge-catal\u00e00001-1-1024x203.jpg 1024w, https:\/\/grafologia.cat\/wp-content\/uploads\/2019\/05\/poc-marge-catal\u00e00001-1-300x60.jpg 300w, https:\/\/grafologia.cat\/wp-content\/uploads\/2019\/05\/poc-marge-catal\u00e00001-1-768x153.jpg 768w\" sizes=\"(max-width: 800px) 100vw, 800px\" \/><\/a><\/h3>\n<p>&nbsp;<\/p>\n<h3><\/h3>\n<h3>ESCRIPTURA EN MIRALL<\/h3>\n<p>&nbsp;<\/p>\n<p>Os dir\u00e9 una cosa sobre aquest tipus d\u2019escriptura: <strong>proveu-ho<\/strong>. Vinga, valents!. I ja m\u2019explicareu qu\u00e8 tal.<\/p>\n<p>Es tracta d\u2019escriure de manera que quan un es mira el paper, el que hi ha escrit resulti il\u00b7legible. S\u2019ha de poder llegir nom\u00e9s en cas de que s\u2019encari a un mirall i focalitzem la vista al mirall i no a l\u2019escrit. Ja em perdonareu, jo nom\u00e9s he provat de fer-ho una vegada i em va durar la cosa uns cinc minuts, m\u00e9s o menys.<\/p>\n<p>Demano comprensi\u00f3, s\u00f3c de tipus nervi\u00f3s, jo. I la <strong>voluntat<\/strong> i l\u2019<strong>esfor\u00e7<\/strong> que requereix escriure aix\u00ed se m\u2019escapen totalment!.<\/p>\n<p>Aquesta mena d\u2019escriptura es presenta en <strong>nens petits<\/strong> que estan aprenent. I acostumen a fer normalment nom\u00e9s unes quantes lletres de manera emmirallada, no tot el text. Forma part de l\u2019<strong>aprenentatge<\/strong>, i \u00e9s del tot normal.<\/p>\n<p>Si al cr\u00e9ixer continua apareixent aquesta caracter\u00edstica, \u00e9s possible que la nena o el nen tinguin alguna mena de complicaci\u00f3 per acabar de definir si s\u00f3n esquerrans o dretans. Cal no for\u00e7ar-los i permetre que es posicionin de manera lliure i sense pressions.<\/p>\n<p>I en relaci\u00f3 als adults, honestament os dir\u00e9 que amb tant <strong>pocs estudis<\/strong> de refer\u00e8ncia a mi em costa posicionar-me. N\u2019hi ha que diuen que les persones amb molta creativitat poden escriure aix\u00ed sense gaire esfor\u00e7, com feia <strong>Leonardo<\/strong>. N\u2019hi ha qui pensa que pot ser s\u00edmptoma d\u2019alguna patologia.<\/p>\n<p>Per la meva part, insisteixo en que es tracta d\u2019un tema tant residual de l\u2019estudi de la grafologia, per falta de mostres d\u2019escriptura, que no puc m\u00e9s que agrair al gran <strong>Da Vinci<\/strong> que en motiu de la commemoraci\u00f3 dels 500 anys de la seva p\u00e8rdua, m\u2019hagi donat l\u2019oportunitat d\u2019explicar-vos una mica aquest tema.<\/p>\n<p>&nbsp;<\/p>\n<p><a href=\"http:\/\/grafologia.cat\/wp-content\/uploads\/2019\/05\/signatura-1.jpg\"><img loading=\"lazy\" decoding=\"async\" class=\"size-full wp-image-6559 aligncenter\" src=\"http:\/\/grafologia.cat\/wp-content\/uploads\/2019\/05\/signatura-1.jpg\" alt=\"\" width=\"500\" height=\"139\" \/><\/a><\/p>\n","protected":false},"excerpt":{"rendered":"<p>&nbsp; Leonardo da Vinci. Un geni, poca gent gosa a posar-ho en dubte. Avui dia 2 de maig es commemora el 500 aniversari de la seva mort, quan tenia 67 anys. Va ser tant treballador i tenia ganes de deixar const\u00e0ncia dels seus pensaments, idees i assaigs que, afortunadament, disposem d\u2019una gran quantitat de manuscrits [&hellip;]<\/p>\n","protected":false},"author":2,"featured_media":0,"comment_status":"open","ping_status":"open","sticky":false,"template":"","format":"standard","meta":{"footnotes":""},"categories":[56],"tags":[],"class_list":["post-7906","post","type-post","status-publish","format-standard","hentry","category-grafologia-ca"],"aioseo_notices":[],"_links":{"self":[{"href":"https:\/\/grafologia.cat\/ca\/wp-json\/wp\/v2\/posts\/7906","targetHints":{"allow":["GET"]}}],"collection":[{"href":"https:\/\/grafologia.cat\/ca\/wp-json\/wp\/v2\/posts"}],"about":[{"href":"https:\/\/grafologia.cat\/ca\/wp-json\/wp\/v2\/types\/post"}],"author":[{"embeddable":true,"href":"https:\/\/grafologia.cat\/ca\/wp-json\/wp\/v2\/users\/2"}],"replies":[{"embeddable":true,"href":"https:\/\/grafologia.cat\/ca\/wp-json\/wp\/v2\/comments?post=7906"}],"version-history":[{"count":1,"href":"https:\/\/grafologia.cat\/ca\/wp-json\/wp\/v2\/posts\/7906\/revisions"}],"predecessor-version":[{"id":7907,"href":"https:\/\/grafologia.cat\/ca\/wp-json\/wp\/v2\/posts\/7906\/revisions\/7907"}],"wp:attachment":[{"href":"https:\/\/grafologia.cat\/ca\/wp-json\/wp\/v2\/media?parent=7906"}],"wp:term":[{"taxonomy":"category","embeddable":true,"href":"https:\/\/grafologia.cat\/ca\/wp-json\/wp\/v2\/categories?post=7906"},{"taxonomy":"post_tag","embeddable":true,"href":"https:\/\/grafologia.cat\/ca\/wp-json\/wp\/v2\/tags?post=7906"}],"curies":[{"name":"wp","href":"https:\/\/api.w.org\/{rel}","templated":true}]}}