{"id":8036,"date":"2023-01-09T11:56:13","date_gmt":"2023-01-09T11:56:13","guid":{"rendered":"http:\/\/grafologia.cat\/?p=8036"},"modified":"2023-01-09T11:56:23","modified_gmt":"2023-01-09T11:56:23","slug":"escric-a-ma-biel-mesquida","status":"publish","type":"post","link":"https:\/\/grafologia.cat\/ca\/escric-a-ma-biel-mesquida\/","title":{"rendered":"Escric a m\u00e0 &#8211; Biel Mesquida"},"content":{"rendered":"<h2 class=\"md:text-xl mt-2 text-lg subtitol-noticia\">&#8220;Escric a m\u00e0 perqu\u00e8 tinc ganes de lleugeresa contra aquest temps feixuc&#8221;<\/h2>\n<p>&nbsp;<\/p>\n<h2><img fetchpriority=\"high\" decoding=\"async\" class=\"aligncenter size-medium wp-image-8032\" src=\"http:\/\/grafologia.cat\/wp-content\/uploads\/2023\/01\/biel-mesquida-300x169.jpg\" alt=\"Fotograf\u00eda Biel Mesquida\" width=\"300\" height=\"169\" srcset=\"https:\/\/grafologia.cat\/wp-content\/uploads\/2023\/01\/biel-mesquida-300x169.jpg 300w, https:\/\/grafologia.cat\/wp-content\/uploads\/2023\/01\/biel-mesquida-1024x576.jpg 1024w, https:\/\/grafologia.cat\/wp-content\/uploads\/2023\/01\/biel-mesquida-768x432.jpg 768w, https:\/\/grafologia.cat\/wp-content\/uploads\/2023\/01\/biel-mesquida.jpg 1200w\" sizes=\"(max-width: 300px) 100vw, 300px\" \/><\/h2>\n<p>&nbsp;<\/p>\n<p>Quina bonica defensa de l&#8217;<span class=\"Y2IQFc\" lang=\"ca\">escriptura a m\u00e0 que ens deixa l&#8217;escriptor i poeta <a href=\"https:\/\/twitter.com\/biel_mesquida\"><strong>Biel Mesquida<\/strong><\/a>, qui a m\u00e9s a m\u00e9s avui 9 de gener fa anys.<\/span><\/p>\n<p id=\"tw-target-text\" class=\"tw-data-text tw-text-large tw-ta\" dir=\"ltr\" data-placeholder=\"Traducci\u00f3n\"><span class=\"Y2IQFc\" lang=\"ca\">Al seu escrit, el poeta ens descriu els motius pels quals escriu a m\u00e0 i les emocions que aix\u00f2 comporta. Ho descriu amb delicadesa i fermesa, amb emoci\u00f3 i evocant la hist\u00f2ria. Ho descriu com nom\u00e9s un poeta sap fer.<\/span><\/p>\n<p id=\"tw-target-text\" class=\"tw-data-text tw-text-large tw-ta\" dir=\"ltr\" data-placeholder=\"Traducci\u00f3n\"><span class=\"Y2IQFc\" lang=\"ca\">M&#8217;ha enamorat la lectura d&#8217;aquest text que he llegit al compte de Twitter del diari <a href=\"https:\/\/www.vilaweb.cat\/noticies\/closcadelletra-cccliii\/\"><strong>VilaWeb<\/strong><\/a>, podeu llegir l&#8217;escrit sencer a l&#8217;enlla\u00e7 que us adjunto. Serveixi aix\u00f2 com una petita mostra:<\/span><\/p>\n<p>&nbsp;<\/p>\n<blockquote><p>&#8220;Escric a m\u00e0 perqu\u00e8 tenc ganes de lleugeresa contra aquest temps feixuc, perqu\u00e8 necessit aquest moviment d\u2019ascensi\u00f3 que la tinta com un trampol\u00ed de llum em d\u00f3na per anar cap amunt&#8221;<\/p>\n<p>&nbsp;<\/p><\/blockquote>\n<p>&nbsp;<\/p>\n","protected":false},"excerpt":{"rendered":"<p>&#8220;Escric a m\u00e0 perqu\u00e8 tinc ganes de lleugeresa contra aquest temps feixuc&#8221; &nbsp; &nbsp; Quina bonica defensa de l&#8217;escriptura a m\u00e0 que ens deixa l&#8217;escriptor i poeta Biel Mesquida, qui a m\u00e9s a m\u00e9s avui 9 de gener fa anys. Al seu escrit, el poeta ens descriu els motius pels quals escriu a m\u00e0 i [&hellip;]<\/p>\n","protected":false},"author":2,"featured_media":8033,"comment_status":"open","ping_status":"open","sticky":false,"template":"","format":"standard","meta":{"footnotes":""},"categories":[56],"tags":[],"class_list":["post-8036","post","type-post","status-publish","format-standard","has-post-thumbnail","hentry","category-grafologia-ca"],"aioseo_notices":[],"_links":{"self":[{"href":"https:\/\/grafologia.cat\/ca\/wp-json\/wp\/v2\/posts\/8036","targetHints":{"allow":["GET"]}}],"collection":[{"href":"https:\/\/grafologia.cat\/ca\/wp-json\/wp\/v2\/posts"}],"about":[{"href":"https:\/\/grafologia.cat\/ca\/wp-json\/wp\/v2\/types\/post"}],"author":[{"embeddable":true,"href":"https:\/\/grafologia.cat\/ca\/wp-json\/wp\/v2\/users\/2"}],"replies":[{"embeddable":true,"href":"https:\/\/grafologia.cat\/ca\/wp-json\/wp\/v2\/comments?post=8036"}],"version-history":[{"count":4,"href":"https:\/\/grafologia.cat\/ca\/wp-json\/wp\/v2\/posts\/8036\/revisions"}],"predecessor-version":[{"id":8040,"href":"https:\/\/grafologia.cat\/ca\/wp-json\/wp\/v2\/posts\/8036\/revisions\/8040"}],"wp:featuredmedia":[{"embeddable":true,"href":"https:\/\/grafologia.cat\/ca\/wp-json\/wp\/v2\/media\/8033"}],"wp:attachment":[{"href":"https:\/\/grafologia.cat\/ca\/wp-json\/wp\/v2\/media?parent=8036"}],"wp:term":[{"taxonomy":"category","embeddable":true,"href":"https:\/\/grafologia.cat\/ca\/wp-json\/wp\/v2\/categories?post=8036"},{"taxonomy":"post_tag","embeddable":true,"href":"https:\/\/grafologia.cat\/ca\/wp-json\/wp\/v2\/tags?post=8036"}],"curies":[{"name":"wp","href":"https:\/\/api.w.org\/{rel}","templated":true}]}}